{"id":37541,"date":"2023-10-13T06:29:46","date_gmt":"2023-10-13T13:29:46","guid":{"rendered":"https:\/\/sentientmedia.org\/deforestacion-de-la-amazonia-por-que-se-destruye-la-selva-tropical\/"},"modified":"2023-10-31T08:40:48","modified_gmt":"2023-10-31T15:40:48","slug":"deforestacion-de-la-amazonia-por-que-se-destruye-la-selva-tropical","status":"publish","type":"post","link":"https:\/\/sentientmedia.org\/es\/deforestacion-de-la-amazonia-por-que-se-destruye-la-selva-tropical\/","title":{"rendered":"Deforestaci\u00f3n de la Amazon\u00eda: \u00bfPor qu\u00e9 se destruye la selva tropical?"},"content":{"rendered":"\n<p>El acto eliminar el bosque para la industria ganadera, la tala, la miner\u00eda, la infraestructura o el desarrollo urbano, la selva amaz\u00f3nica ahora <a href=\"https:\/\/www.theguardian.com\/environment\/2021\/jul\/14\/amazon-rainforest-now-emitting-more-co2-than-it-absorbs\" target=\"_blank\" rel=\"noopener\">emite<\/a> m\u00e1s di\u00f3xido de carbono de lo que absorbe. La deforestaci\u00f3n en la Amazon\u00eda ha llevado a la extinci\u00f3n a miles de especies de vida silvestre y plantas, ha puesto en riesgo la vida de las comunidades locales y ha paralizado una de las herramientas m\u00e1s importantes de la naturaleza para almacenar carbono y evitar la crisis clim\u00e1tica. <\/p>\n\n<div style=\"height:20px\" aria-hidden=\"true\" class=\"wp-block-spacer\"><\/div>\n\n<h2 class=\"wp-block-heading\"><strong>\u00bfQu\u00e9 es la selva amaz\u00f3nica?<\/strong><\/h2>\n\n<div style=\"height:20px\" aria-hidden=\"true\" class=\"wp-block-spacer\"><\/div>\n\n<p>La Amazon\u00eda es la selva tropical m\u00e1s grande del mundo. Este ecosistema vibrante y extenso es el hogar de millones de especies de flora y fauna, as\u00ed como de una gran poblaci\u00f3n humana. En pocas palabras, es uno de los ecosistemas m\u00e1s biodiversos del planeta. <\/p>\n\n<div style=\"height:20px\" aria-hidden=\"true\" class=\"wp-block-spacer\"><\/div>\n\n<h3 class=\"wp-block-heading\"><strong>\u00bfQu\u00e9 pa\u00edses abarca la selva amaz\u00f3nica?<\/strong><\/h3>\n\n<div style=\"height:20px\" aria-hidden=\"true\" class=\"wp-block-spacer\"><\/div>\n\n<p>La selva tropical abarca partes de Venezuela, Guyana, Surinam, Brasil, Bolivia, Per\u00fa, Ecuador y Colombia. Brasil contiene la mayor parte de este recurso natural \u2014algo m\u00e1s de <a href=\"https:\/\/www.britannica.com\/place\/Amazon-Rainforest\" target=\"_blank\" rel=\"noopener\">1.5 millones de millas cuadradas<\/a> de la Amazon\u00eda\u2014, y es tambi\u00e9n donde <a href=\"https:\/\/www.maaproject.org\/2022\/amazon-hotspots2021\/\" target=\"_blank\" rel=\"noopener\">la mayor\u00eda<\/a> de la deforestaci\u00f3n tuvo lugar en 2021. <\/p>\n\n<div style=\"height:20px\" aria-hidden=\"true\" class=\"wp-block-spacer\"><\/div>\n\n<h3 class=\"wp-block-heading\"><strong>\u00bfQu\u00e9 tan grande es la selva amaz\u00f3nica?<\/strong><\/h3>\n\n<div style=\"height:20px\" aria-hidden=\"true\" class=\"wp-block-spacer\"><\/div>\n\n<p>La selva tropical m\u00e1s conocida del mundo cubre aproximadamente <a href=\"https:\/\/rainforests.mongabay.com\/amazon\/amazon-rainforest-facts.html\" target=\"_blank\" rel=\"noopener\">2.72 millones de millas<\/a> cuadradas en total, equivalente al doble del tama\u00f1o de la <a href=\"https:\/\/earthobservatory.nasa.gov\/images\/145649\/mapping-the-amazon\" target=\"_blank\" rel=\"noopener\">India<\/a>. El r\u00edo Amazonas, que fluye dentro de la Amazon\u00eda, tiene <a href=\"https:\/\/www.livescience.com\/34629-amazon-river-carbon-cycle.html\" target=\"_blank\" rel=\"noopener\">4,100 millas<\/a> de largo.<\/p>\n\n<div style=\"height:20px\" aria-hidden=\"true\" class=\"wp-block-spacer\"><\/div>\n\n<h3 class=\"wp-block-heading\"><strong>\u00bfCu\u00e1nto de la selva amaz\u00f3nica ha sido explorado?<\/strong><\/h3>\n\n<div style=\"height:20px\" aria-hidden=\"true\" class=\"wp-block-spacer\"><\/div>\n\n<p>Gran parte de la selva amaz\u00f3nica permanece <a href=\"https:\/\/www.mentalfloss.com\/article\/63902\/15-unexplored-corners-earth\" target=\"_blank\" rel=\"noopener\">inexplorada<\/a> y su lejan\u00eda ayuda a limitar su destrucci\u00f3n. La flora y la fauna silvestres nativas a\u00fan pueden florecer en las \u00e1reas m\u00e1s remotas y algunos pueblos ind\u00edgenas pueden permanecer aislados. Investigadores <a href=\"https:\/\/www.survivalinternational.org\/tribes\/uncontacted-brazil\" target=\"_blank\" rel=\"noopener\">creen<\/a> que todav\u00eda hay varias docenas de tribus ind\u00edgenas en la Amazon\u00eda que nunca han estado en contacto con el mundo exterior.<\/p>\n\n<div style=\"height:20px\" aria-hidden=\"true\" class=\"wp-block-spacer\"><\/div>\n\n<h2 class=\"wp-block-heading\"><strong>\u00bfPor qu\u00e9 es importante la selva amaz\u00f3nica?<\/strong><\/h2>\n\n<div style=\"height:20px\" aria-hidden=\"true\" class=\"wp-block-spacer\"><\/div>\n\n<p>La selva tropical no solo proporciona un h\u00e1bitat para miles de especies de animales silvestres y millones de especies de plantas, sino que juega un papel importante para contrarrestar el cambio clim\u00e1tico global. Por estimaciones actuales, la Amazon\u00eda contiene alrededor de <a href=\"https:\/\/research.noaa.gov\/article\/ArtMID\/587\/ArticleID\/2778\/Deforestation-warming-flip-part-of-Amazon-forest-from-carbon-sink-to-source\" target=\"_blank\" rel=\"noopener\">123,000 millones de toneladas<\/a> de carbono que de otro modo se liberar\u00edan en la atm\u00f3sfera en forma de emisiones de di\u00f3xido de carbono. <\/p>\n\n<div style=\"height:20px\" aria-hidden=\"true\" class=\"wp-block-spacer\"><\/div>\n\n<h2 class=\"wp-block-heading\"><strong>\u00bfPor qu\u00e9 la selva amaz\u00f3nica est\u00e1 en peligro?<\/strong><\/h2>\n\n<div style=\"height:20px\" aria-hidden=\"true\" class=\"wp-block-spacer\"><\/div>\n\n<p>Se han cortado y quemado grandes franjas de la selva amaz\u00f3nica para ser utilizadas para la ganader\u00eda intensiva, la producci\u00f3n de cultivos, la miner\u00eda y el desarrollo industrial. Para 2018, estas actividades, entre otras, hab\u00edan resultado en la deforestaci\u00f3n del <a href=\"https:\/\/www.science.org\/doi\/10.1126\/sciadv.aba2949\" target=\"_blank\" rel=\"noopener\">17 por ciento<\/a> de la Amazon\u00eda. En los \u00faltimos 20 a\u00f1os, el <a href=\"https:\/\/www.voanews.com\/a\/science-health_study-8-amazon-rainforest-destroyed-2\/6199346.html\" target=\"_blank\" rel=\"noopener\">8 por ciento de la selva tropical<\/a> ha sido destruida a medida que contin\u00faa <a href=\"https:\/\/www.nature.com\/articles\/s41558-022-01287-8\" target=\"_blank\" rel=\"noopener\">perdiendo resiliencia<\/a>.<\/p>\n\n<div style=\"height:20px\" aria-hidden=\"true\" class=\"wp-block-spacer\"><\/div>\n\n<h3 class=\"wp-block-heading\"><strong>Causas de deforestaci\u00f3n en la Amazon\u00eda<\/strong><\/h3>\n\n<div style=\"height:20px\" aria-hidden=\"true\" class=\"wp-block-spacer\"><\/div>\n\n<p>Una cantidad sustancial de la selva amaz\u00f3nica ahora se usa para actividades comerciales como la ganader\u00eda y los cultivos de alimentaci\u00f3n, miner\u00eda y tala. A medida que estas empresas crecen, m\u00e1s \u00e1reas de la Amazon\u00eda se deforestan a un ritmo peligroso.<\/p>\n\n<div style=\"height:20px\" aria-hidden=\"true\" class=\"wp-block-spacer\"><\/div>\n\n<h3 class=\"wp-block-heading\"><strong>La cr\u00eda de ganado<\/strong><\/h3>\n\n<div style=\"height:20px\" aria-hidden=\"true\" class=\"wp-block-spacer\"><\/div>\n\n<p>La ganader\u00eda es uno de los principales motores de la deforestaci\u00f3n en la Amazon\u00eda, representando alrededor del <a href=\"https:\/\/wwf.panda.org\/discover\/knowledge_hub\/where_we_work\/amazon\/amazon_threats\/unsustainable_cattle_ranching\/\" target=\"_blank\" rel=\"noopener\">80 por ciento de la destrucci\u00f3n<\/a> y causando la liberaci\u00f3n de 340 millones de toneladas de carbono por a\u00f1o. La regi\u00f3n ha experimentado un aumento del <a href=\"https:\/\/news.mongabay.com\/2022\/01\/cattle-boom-in-brazils-acre-spells-doom-for-amazon-rainforest-activists-warn\/\" target=\"_blank\" rel=\"noopener\">8 por ciento<\/a> de bovinos desde el a\u00f1o 2020.<\/p>\n\n<div style=\"height:20px\" aria-hidden=\"true\" class=\"wp-block-spacer\"><\/div>\n\n<h3 class=\"wp-block-heading\"><strong>Agricultura a peque\u00f1a escala<\/strong><\/h3>\n\n<div style=\"height:20px\" aria-hidden=\"true\" class=\"wp-block-spacer\"><\/div>\n\n<p>Los efectos acumulativos de la agricultura a peque\u00f1a escala tambi\u00e9n est\u00e1n devastando la Amazon\u00eda. La <a href=\"https:\/\/www.ncbi.nlm.nih.gov\/pmc\/articles\/PMC5785515\/\" target=\"_blank\" rel=\"noopener\">investigaci\u00f3n<\/a> sugiere que el aumento en el n\u00famero de operaciones agr\u00edcolas de menor escala iniciadas en la Amazonia entre 2001 y 2014 es un esfuerzo de los propietarios de tierras para deforestar mientras evaden los sistemas de monitoreo del gobierno.<\/p>\n\n<div style=\"height:20px\" aria-hidden=\"true\" class=\"wp-block-spacer\"><\/div>\n\n<h3 class=\"wp-block-heading\"><strong>Agricultura<\/strong><\/h3>\n\n<div style=\"height:20px\" aria-hidden=\"true\" class=\"wp-block-spacer\"><\/div>\n\n<p>Al igual que la ganader\u00eda, la producci\u00f3n de cultivos en la Amazon\u00eda implica la limpieza y quema de grandes \u00e1reas de tierra. Los cultivos producidos en estas \u00e1reas de tierra incluyen soya, ca\u00f1a de az\u00facar, aceite de palma, algod\u00f3n y arroz. Dado que la soya es un ingrediente clave en la alimentaci\u00f3n animal, su <a href=\"https:\/\/ourworldindata.org\/soy\" target=\"_blank\" rel=\"noopener\">demanda est\u00e1 aumentando<\/a> junto con la demanda global de carne.<\/p>\n\n<p>Adem\u00e1s de los problemas causados por la limpieza de tales vastas \u00e1reas de la selva tropical, las pr\u00e1cticas agr\u00edcolas, como el uso de pesticidas y fertilizantes, tienen implicaciones para la vida silvestre nativa, las especies de plantas y los pueblos ind\u00edgenas de la regi\u00f3n.<\/p>\n\n<div style=\"height:20px\" aria-hidden=\"true\" class=\"wp-block-spacer\"><\/div>\n\n<h3 class=\"wp-block-heading\"><strong>Explotaci\u00f3n florestal<\/strong><\/h3>\n\n<div style=\"height:20px\" aria-hidden=\"true\" class=\"wp-block-spacer\"><\/div>\n\n<p>La <a href=\"https:\/\/news.mongabay.com\/2021\/09\/illegal-logging-reaches-amazons-untouched-core-terrifying-research-shows\/\" target=\"_blank\" rel=\"noopener\">tala<\/a> selectiva en la Amazon\u00eda tambi\u00e9n est\u00e1 impulsando la deforestaci\u00f3n y destruyendo h\u00e1bitats nativos. <\/p>\n\n<div style=\"height:20px\" aria-hidden=\"true\" class=\"wp-block-spacer\"><\/div>\n\n<h3 class=\"wp-block-heading\"><strong>Miner\u00eda<\/strong><\/h3>\n\n<div style=\"height:20px\" aria-hidden=\"true\" class=\"wp-block-spacer\"><\/div>\n\n<p>En la Amazon\u00eda a menudo se <a href=\"https:\/\/undark.org\/2022\/02\/28\/us-backed-companies-poised-to-expand-mining-in-the-amazon\/\" target=\"_blank\" rel=\"noopener\">extrae<\/a> oro, cobre, hierro, manganeso y otros materiales. Para extraer estos materiales, los terratenientes despejan vastas \u00e1reas del bosque para cavar pozos de miner\u00eda. La miner\u00eda del oro est\u00e1 en aumento en los \u00faltimos a\u00f1os y, en un \u00e1rea de la Amazon\u00eda a lo largo del escudo de la Guayana, la miner\u00eda de oro representa alrededor del <a href=\"https:\/\/theconversation.com\/gold-mining-leaves-deforested-amazon-land-barren-for-years-find-scientists-141639\" target=\"_blank\" rel=\"noopener\">90 por ciento de la deforestaci\u00f3n<\/a>. El proceso de minar oro tiene m\u00e1s impactos ecol\u00f3gicos debido al uso de mercurio, que puede contaminar los suministros de agua locales.<\/p>\n\n<div style=\"height:20px\" aria-hidden=\"true\" class=\"wp-block-spacer\"><\/div>\n\n<h3 class=\"wp-block-heading\"><strong>Cambio clim\u00e1tico<\/strong><\/h3>\n\n<div style=\"height:20px\" aria-hidden=\"true\" class=\"wp-block-spacer\"><\/div>\n\n<p>El aumento de las tasas de deforestaci\u00f3n limita la capacidad de la Amazon\u00eda para almacenar carbono y contrarrestar el cambio clim\u00e1tico. Nuestro clima cambiante tambi\u00e9n est\u00e1 teniendo un impacto en la deforestaci\u00f3n. A medida que el bosque se vuelve m\u00e1s seco y contiene menos humedad, se vuelve m\u00e1s susceptible a los <a href=\"https:\/\/news.mongabay.com\/2021\/07\/hotter-and-drier-deforestation-and-wildfires-take-a-toll-on-the-amazon\/\" target=\"_blank\" rel=\"noopener\">incendios forestales<\/a>.<\/p>\n\n<div style=\"height:20px\" aria-hidden=\"true\" class=\"wp-block-spacer\"><\/div>\n\n<h4 class=\"wp-block-heading\"><strong>Infraestructura<\/strong><\/h4>\n\n<div style=\"height:20px\" aria-hidden=\"true\" class=\"wp-block-spacer\"><\/div>\n\n<p>El desarrollo de redes de carreteras ha hecho que partes de la selva tropical que anteriormente eran dif\u00edciles de alcanzar sean ahora accesibles. La mayor\u00eda de los puntos cr\u00edticos de deforestaci\u00f3n en Brasil en 2021 se encontraron a lo largo de las <a href=\"https:\/\/www.maaproject.org\/2022\/amazon-hotspots2021\/\" target=\"_blank\" rel=\"noopener\">principales redes de carreteras<\/a>. <\/p>\n\n<div style=\"height:20px\" aria-hidden=\"true\" class=\"wp-block-spacer\"><\/div>\n\n<h4 class=\"wp-block-heading\"><strong>Falta de gobernanza suficiente<\/strong><\/h4>\n\n<div style=\"height:20px\" aria-hidden=\"true\" class=\"wp-block-spacer\"><\/div>\n\n<p>Cuando los tomadores de decisiones tienen una agenda simplista prodesarrollo, tienden a tener poca consideraci\u00f3n por el devastador impacto ecol\u00f3gico y social de la deforestaci\u00f3n. Las actividades destructivas <a href=\"https:\/\/news.mongabay.com\/2019\/11\/experts-blame-bolsonaro-for-surge-in-deforestation-warn-of-worse-to-come\/\" target=\"_blank\" rel=\"noopener\">aumentaron<\/a> en la Amazon\u00eda despu\u00e9s de 2019, cuando el gobierno del entonces presidente de Brasil, Jair Bolsonaro, debilit\u00f3 las protecciones que se hab\u00edan implementado previamente para proteger la selva tropical. <\/p>\n\n<div style=\"height:20px\" aria-hidden=\"true\" class=\"wp-block-spacer\"><\/div>\n\n<h3 class=\"wp-block-heading\"><strong>Falta de aplicaci\u00f3n de la ley<\/strong><\/h3>\n\n<div style=\"height:20px\" aria-hidden=\"true\" class=\"wp-block-spacer\"><\/div>\n\n<p>El Instituto Brasile\u00f1o del Medio Ambiente y los Recursos Naturales Renovables se estableci\u00f3 para monitorear las actividades relacionadas con la conservaci\u00f3n de los recursos naturales en Brasil. Sin embargo, en 2019 y 2020, la agencia actu\u00f3 en solo el <a href=\"https:\/\/iopscience.iop.org\/article\/10.1088\/1748-9326\/ac5193\/pdf\" target=\"_blank\" rel=\"noopener\">1.3 por ciento de las alertas<\/a> para la actividad de deforestaci\u00f3n ilegal en el pa\u00eds. Las estimaciones sugieren que el <a href=\"https:\/\/www.wwf.org.uk\/press-release\/illegal-deforestation-report-brazil\" target=\"_blank\" rel=\"noopener\">94 por ciento de la deforestaci\u00f3n<\/a> en la Amazon\u00eda y la ecorregi\u00f3n del Cerrado pueden involucrar actividad ilegal, o alrededor de 18 millones de hect\u00e1reas de h\u00e1bitat.<\/p>\n\n<div style=\"height:20px\" aria-hidden=\"true\" class=\"wp-block-spacer\"><\/div>\n\n<h3 class=\"wp-block-heading\"><strong>Incendios<\/strong><\/h3>\n\n<div style=\"height:20px\" aria-hidden=\"true\" class=\"wp-block-spacer\"><\/div>\n\n<p>Los incendios a menudo se inician <a href=\"https:\/\/qz.com\/1692804\/fires-in-the-amazon-rainforests-were-likely-intentional\/\" target=\"_blank\" rel=\"noopener\">deliberadamente<\/a> en la Amazon\u00eda para despejar tierras para la ganader\u00eda, la producci\u00f3n de cultivos y otras actividades relacionadas. Adem\u00e1s de destruir intencionalmente miles de hect\u00e1reas de la selva tropical, los incendios pueden escapar f\u00e1cilmente del control. Si bien la humedad natural de una selva tropical debe proporcionar protecci\u00f3n contra la propagaci\u00f3n del fuego, las condiciones cada vez m\u00e1s secas pueden impedir esta capacidad. Los incendios forestales despejan a\u00fan m\u00e1s \u00e1reas de tierra y, a su vez, aumentan la susceptibilidad a m\u00e1s incendios.<\/p>\n\n<div style=\"height:20px\" aria-hidden=\"true\" class=\"wp-block-spacer\"><\/div>\n\n<div style=\"height:20px\" aria-hidden=\"true\" class=\"wp-block-spacer\"><\/div>\n\n<h3 class=\"wp-block-heading\"><strong>Impacto en los pueblos ind\u00edgenas<\/strong><\/h3>\n\n<div style=\"height:20px\" aria-hidden=\"true\" class=\"wp-block-spacer\"><\/div>\n\n<p>La deforestaci\u00f3n est\u00e1 afectando a <a href=\"https:\/\/www.hrw.org\/report\/2020\/08\/26\/air-unbearable\/health-impacts-deforestation-related-fires-brazilian-amazon\" target=\"_blank\" rel=\"noopener\">millones<\/a> de personas que viven en la Amazon\u00eda, incluidas las comunidades ind\u00edgenas. Si bien ha habido mucho debate sobre cu\u00e1nto las sociedades precolombinas alteraron el paisaje amaz\u00f3nico, <a href=\"https:\/\/www.pnas.org\/doi\/full\/10.1073\/pnas.2022213118\" target=\"_blank\" rel=\"noopener\">un estudio publicado en 2021<\/a> sugiere que los habitantes nativos de partes del noreste de Per\u00fa han vivido all\u00ed durante miles de a\u00f1os con muy poco impacto en su ecosistema. <\/p>\n\n<div style=\"height:20px\" aria-hidden=\"true\" class=\"wp-block-spacer\"><\/div>\n\n<h3 class=\"wp-block-heading\"><strong>Impactos en el suministro de agua<\/strong><\/h3>\n\n<div style=\"height:20px\" aria-hidden=\"true\" class=\"wp-block-spacer\"><\/div>\n\n<p>A trav\u00e9s de un proceso conocido como <a href=\"https:\/\/www.usgs.gov\/special-topics\/water-science-school\/science\/evapotranspiration-and-water-cycle\" target=\"_blank\" rel=\"noopener\">transpiraci\u00f3n<\/a>, la Amazon\u00eda expulsa grandes cantidades de agua a la atm\u00f3sfera. Esta agua luego cae como lluvia, proporcionando alrededor de la <a href=\"https:\/\/earthobservatory.nasa.gov\/images\/145649\/mapping-the-amazon\" target=\"_blank\" rel=\"noopener\">mitad de la lluvia de la regi\u00f3n<\/a>. La deforestaci\u00f3n de la selva tropical interfiere con este proceso y altera el ecosistema. <\/p>\n\n<div style=\"height:20px\" aria-hidden=\"true\" class=\"wp-block-spacer\"><\/div>\n\n<h3 class=\"wp-block-heading\"><strong>Impacto en la temperatura local<\/strong><\/h3>\n\n<div style=\"height:20px\" aria-hidden=\"true\" class=\"wp-block-spacer\"><\/div>\n\n<p>Con una reducci\u00f3n en el n\u00famero de \u00e1rboles, la Amazon\u00eda tiene menos cobertura, contiene y libera menos humedad y ya no puede enfriar el clima local de la manera que alguna vez lo hizo. <\/p>\n\n<div style=\"height:20px\" aria-hidden=\"true\" class=\"wp-block-spacer\"><\/div>\n\n<h2 class=\"wp-block-heading\"><strong>\u00bfCu\u00e1ndo comenz\u00f3 la deforestaci\u00f3n en la Amazon\u00eda?<\/strong><\/h2>\n\n<div style=\"height:20px\" aria-hidden=\"true\" class=\"wp-block-spacer\"><\/div>\n\n<p>Los investigadores creen que la deforestaci\u00f3n masiva comenz\u00f3 en la d\u00e9cada de <a href=\"https:\/\/www.cfr.org\/amazon-deforestation\/#\/en\" target=\"_blank\" rel=\"noopener\">1960<\/a>, impulsada por los propietarios de tierras y sus actividades comerciales. <\/p>\n\n<div style=\"height:20px\" aria-hidden=\"true\" class=\"wp-block-spacer\"><\/div>\n\n<h2 class=\"wp-block-heading\"><strong>\u00bfCu\u00e1nto de la selva amaz\u00f3nica ha sido destruida?<\/strong><\/h2>\n\n<div style=\"height:20px\" aria-hidden=\"true\" class=\"wp-block-spacer\"><\/div>\n\n<p>Desde 1988, todos los d\u00edas se destruye un promedio de <a href=\"https:\/\/www.theguardian.com\/commentisfree\/2021\/oct\/07\/the-amazon-rain-forest-is-losing-200000-acres-a-day-soon-it-will-be-too-late\" target=\"_blank\" rel=\"noopener\">10,000 acres<\/a> de la Amazon\u00eda, igual a un \u00e1rea del tama\u00f1o de California. Solo en 2021 se destruyeron alrededor de <a href=\"https:\/\/www.maaproject.org\/2022\/amazon-hotspots2021\/\" target=\"_blank\" rel=\"noopener\">4.8 millones de acres<\/a> de selva tropical.<\/p>\n\n<div style=\"height:20px\" aria-hidden=\"true\" class=\"wp-block-spacer\"><\/div>\n\n<div style=\"height:20px\" aria-hidden=\"true\" class=\"wp-block-spacer\"><\/div>\n\n<h2 class=\"wp-block-heading\"><strong>\u00bfCu\u00e1ndo desaparecer\u00e1 la selva amaz\u00f3nica?<\/strong><\/h2>\n\n<div style=\"height:20px\" aria-hidden=\"true\" class=\"wp-block-spacer\"><\/div>\n\n<p>Si la deforestaci\u00f3n contin\u00faa a su ritmo actual, podr\u00edamos ver la desaparici\u00f3n de la selva amaz\u00f3nica para <a href=\"https:\/\/www.tandfonline.com\/doi\/full\/10.1080\/00139157.2021.1842711\" target=\"_blank\" rel=\"noopener\">2064<\/a>, particularmente en las \u00e1reas sur y este. En este punto, los per\u00edodos de sequ\u00eda severa evitar\u00e1n la recuperaci\u00f3n y destruir\u00e1n la vida silvestre nativa.<\/p>\n\n<div style=\"height:20px\" aria-hidden=\"true\" class=\"wp-block-spacer\"><\/div>\n\n<h2 class=\"wp-block-heading\"><strong>Estad\u00edsticas de deforestaci\u00f3n<\/strong><\/h2>\n\n<div style=\"height:20px\" aria-hidden=\"true\" class=\"wp-block-spacer\"><\/div>\n\n<ul class=\"wp-block-list\">\n<li>Desde la d\u00e9cada de 1970, alrededor del <a href=\"https:\/\/rainforests.mongabay.com\/amazon\/deforestation_calculations.html\" target=\"_blank\" rel=\"noopener\">18 por ciento<\/a> de la selva amaz\u00f3nica ha sido destruido.<\/li>\n\n\n\n<li>Desde 1998, un promedio de <a href=\"https:\/\/www.theguardian.com\/commentisfree\/2021\/oct\/07\/the-amazon-rain-forest-is-losing-200000-acres-a-day-soon-it-will-be-too-late\" target=\"_blank\" rel=\"noopener\">10,000 acres<\/a> de cobertura de la selva tropical se ha destruido todos los d\u00edas.<\/li>\n\n\n\n<li>Solo en 2021 se perdieron <a href=\"https:\/\/www.maaproject.org\/2022\/amazon-hotspots2021\/\" target=\"_blank\" rel=\"noopener\">4.8 millones<\/a> de acres de la selva amaz\u00f3nica.<\/li>\n\n\n\n<li>La limpieza de tierras para ganader\u00eda representa el 80 por ciento de la deforestaci\u00f3n en la Amazon\u00eda.<\/li>\n\n\n\n<li>En un estado brasile\u00f1o se han despejado <a href=\"https:\/\/www.theguardian.com\/environment\/2022\/feb\/10\/loophole-allowing-for-deforestation-on-soya-farms-in-brazils-amazon\" target=\"_blank\" rel=\"noopener\">400 millas cuadradas<\/a> de bosque para la agricultura de soya en los \u00faltimos 10 a\u00f1os.<\/li>\n\n\n\n<li>En 2021, la deforestaci\u00f3n de la Amazon\u00eda en Brasil subi\u00f3 a <a href=\"https:\/\/www.reuters.com\/world\/americas\/brazil-deforestation-data-shows-22-annual-jump-clearing-amazon-2021-11-18\/\" target=\"_blank\" rel=\"noopener\">su nivel m\u00e1s alto en 15 a\u00f1os.<\/a><\/li>\n<\/ul>\n\n<div style=\"height:20px\" aria-hidden=\"true\" class=\"wp-block-spacer\"><\/div>\n\n<h2 class=\"wp-block-heading\"><strong>Datos sobre la selva amaz\u00f3nica <\/strong><\/h2>\n\n<div style=\"height:20px\" aria-hidden=\"true\" class=\"wp-block-spacer\"><\/div>\n\n<ul class=\"wp-block-list\">\n<li>La Amazon\u00eda es la selva tropical m\u00e1s grande de la Tierra y cubre un \u00e1rea de 6.7 millones de kil\u00f3metros cuadrados.<\/li>\n\n\n\n<li>La Amazon\u00eda actualmente almacena aproximadamente <a href=\"https:\/\/research.noaa.gov\/article\/ArtMID\/587\/ArticleID\/2778\/Deforestation-warming-flip-part-of-Amazon-forest-from-carbon-sink-to-source\" target=\"_blank\" rel=\"noopener\">123,000 millones<\/a> de toneladas de carbono.<\/li>\n\n\n\n<li>La Amazon\u00eda proporciona un h\u00e1bitat para <a href=\"https:\/\/rainforests.mongabay.com\/amazon\/amazon-rainforest-facts.html\" target=\"_blank\" rel=\"noopener\">2.5 millones<\/a> de especies de insectos y miles de especies de otros animales.<\/li>\n<\/ul>\n\n<div style=\"height:20px\" aria-hidden=\"true\" class=\"wp-block-spacer\"><\/div>\n\n<div style=\"height:20px\" aria-hidden=\"true\" class=\"wp-block-spacer\"><\/div>\n\n<h2 class=\"wp-block-heading\"><strong>Lo que t\u00fa puedes hacer<\/strong><\/h2>\n\n<div style=\"height:20px\" aria-hidden=\"true\" class=\"wp-block-spacer\"><\/div>\n\n<p>Para desempe\u00f1ar tu papel en la reducci\u00f3n de la demanda de productos c\u00e1rnicos, puedes cambiar a una dieta rica en plantas. Sin la demanda, los propietarios no se beneficiar\u00e1n de limpiar y destruir la selva tropical. Tambi\u00e9n puedes apoyar a organizaciones y a los grupos ind\u00edgenas que salvaguardan la regi\u00f3n. <\/p>\n","protected":false},"excerpt":{"rendered":"<p>La deforestaci\u00f3n contin\u00faa arrasando la selva amaz\u00f3nica a tasas alarmantes, amenazando con liberar emisiones clim\u00e1ticas y exterminar la vida silvestre y las comunidades ind\u00edgenas.<\/p>\n","protected":false},"author":324,"featured_media":38079,"comment_status":"closed","ping_status":"closed","sticky":false,"template":"","format":"standard","meta":{"_acf_changed":false,"apple_news_api_created_at":"2023-10-31T15:40:54Z","apple_news_api_id":"e116fb12-148b-4ed1-9c36-bd338a28b207","apple_news_api_modified_at":"2023-10-31T15:40:54Z","apple_news_api_revision":"AAAAAAAAAAD\/\/\/\/\/\/\/\/\/\/w==","apple_news_api_share_url":"https:\/\/apple.news\/A4Rb7EhSLTtGcNr0ziiiyBw","apple_news_cover_media_provider":"image","apple_news_coverimage":0,"apple_news_coverimage_caption":"","apple_news_cover_video_id":0,"apple_news_cover_video_url":"","apple_news_cover_embedwebvideo_url":"","apple_news_is_hidden":"","apple_news_is_paid":"","apple_news_is_preview":"","apple_news_is_sponsored":"","apple_news_maturity_rating":"","apple_news_metadata":"\"\"","apple_news_pullquote":"","apple_news_pullquote_position":"","apple_news_slug":"","apple_news_sections":[],"apple_news_suppress_video_url":false,"apple_news_use_image_component":false,"republication-tracker-tool-hide-widget":false,"footnotes":""},"categories":[2165,2202],"tags":[2184,2185,2162,2186],"sm-feature":[2861],"coauthors":[],"class_list":["post-37541","post","type-post","status-publish","format-standard","has-post-thumbnail","hentry","category-clima","category-medio-ambiente","tag-amazonas","tag-deforestacion","tag-explicativo","tag-selva-tropical","sm-feature-explicativo"],"acf":[],"apple_news_notices":[],"_links":{"self":[{"href":"https:\/\/sentientmedia.org\/es\/wp-json\/wp\/v2\/posts\/37541","targetHints":{"allow":["GET"]}}],"collection":[{"href":"https:\/\/sentientmedia.org\/es\/wp-json\/wp\/v2\/posts"}],"about":[{"href":"https:\/\/sentientmedia.org\/es\/wp-json\/wp\/v2\/types\/post"}],"author":[{"embeddable":true,"href":"https:\/\/sentientmedia.org\/es\/wp-json\/wp\/v2\/users\/324"}],"replies":[{"embeddable":true,"href":"https:\/\/sentientmedia.org\/es\/wp-json\/wp\/v2\/comments?post=37541"}],"version-history":[{"count":0,"href":"https:\/\/sentientmedia.org\/es\/wp-json\/wp\/v2\/posts\/37541\/revisions"}],"wp:featuredmedia":[{"embeddable":true,"href":"https:\/\/sentientmedia.org\/es\/wp-json\/wp\/v2\/media\/38079"}],"wp:attachment":[{"href":"https:\/\/sentientmedia.org\/es\/wp-json\/wp\/v2\/media?parent=37541"}],"wp:term":[{"taxonomy":"category","embeddable":true,"href":"https:\/\/sentientmedia.org\/es\/wp-json\/wp\/v2\/categories?post=37541"},{"taxonomy":"post_tag","embeddable":true,"href":"https:\/\/sentientmedia.org\/es\/wp-json\/wp\/v2\/tags?post=37541"},{"taxonomy":"sm-feature","embeddable":true,"href":"https:\/\/sentientmedia.org\/es\/wp-json\/wp\/v2\/sm-feature?post=37541"},{"taxonomy":"author","embeddable":true,"href":"https:\/\/sentientmedia.org\/es\/wp-json\/wp\/v2\/coauthors?post=37541"}],"curies":[{"name":"wp","href":"https:\/\/api.w.org\/{rel}","templated":true}]}}